[{"@context":"https:\/\/schema.org\/","@type":"Article","@id":"https:\/\/www.albali.cz\/zakryti-bazenu-solarni-folii\/#Article","mainEntityOfPage":"https:\/\/www.albali.cz\/zakryti-bazenu-solarni-folii\/","headline":"Zakryt\u00ed baz\u00e9nu sol\u00e1rn\u00ed f\u00f3li\u00ed","name":"Zakryt\u00ed baz\u00e9nu sol\u00e1rn\u00ed f\u00f3li\u00ed","description":"Kdy\u017e u\u017e se rozhodnete pro investici, jakou je vlastn\u00ed baz\u00e9n, je dobr\u00e9 [&hellip;]","datePublished":"2019-09-18","dateModified":"2023-06-02","author":{"@type":"Person","@id":"https:\/\/www.albali.cz\/author\/#Person","name":"","url":"https:\/\/www.albali.cz\/author\/","identifier":1,"image":{"@type":"ImageObject","@id":"https:\/\/secure.gravatar.com\/avatar\/95e04d59dbd953edbb4078d954ab72cca879b754151ff5a1a9844caae0615e95?s=96&d=mm&r=g","url":"https:\/\/secure.gravatar.com\/avatar\/95e04d59dbd953edbb4078d954ab72cca879b754151ff5a1a9844caae0615e95?s=96&d=mm&r=g","height":96,"width":96}},"publisher":{"@type":"Organization","name":"albali.cz","logo":{"@type":"ImageObject","@id":"\/logo.png","url":"\/logo.png","width":600,"height":60}},"image":{"@type":"ImageObject","@id":"https:\/\/www.albali.cz\/wp-content\/uploads\/img_a351779_w1714_t1566287565.jpg","url":"https:\/\/www.albali.cz\/wp-content\/uploads\/img_a351779_w1714_t1566287565.jpg","height":0,"width":0},"url":"https:\/\/www.albali.cz\/zakryti-bazenu-solarni-folii\/","about":["V\u00fdrobky"],"wordCount":434,"articleBody":"    Kdy\u017e u\u017e se rozhodnete pro investici, jakou je vlastn\u00ed baz\u00e9n, je dobr\u00e9 si roz\u0161\u00ed\u0159it obzory i o tom, co v\u0161echno bude pot\u0159ebovat. Zakoupit si k n\u011bmu mus\u00edte \u0159adu p\u0159\u00edslu\u0161enstv\u00ed, kter\u00e9 je nezbytnou sou\u010d\u00e1st\u00ed jeho profesion\u00e1ln\u00ed \u00fadr\u017eby, ale postarat se o v\u00e1\u0161 v\u011bt\u0161\u00ed luxus m\u016f\u017eete i d\u00edky volb\u011b dodatkov\u00e9ho zbo\u017e\u00ed. Jedn\u00edm takov\u00fdm jsou i baz\u00e9nov\u00e9 f\u00f3lie, kter\u00e9 v\u00e1m p\u0159inesou pohodl\u00ed \u2013 d\u00edky schopnosti oh\u0159\u00e1t vodu v baz\u00e9nu rychleji, a to pouze jedn\u00edm krokem, jak\u00fdm je zakryt\u00ed va\u0161eho baz\u00e9nu v dob\u011b, kdy jeho teplota nen\u00ed dosta\u010duj\u00edc\u00ed a vy se v n\u011bm je\u0161t\u011b nekoupete.  \u25aaLevn\u00e1 finan\u010dn\u00ed z\u00e1le\u017eitost Jist\u011b jste si dali n\u00e1mahu a do va\u0161eho baz\u00e9nu jste investovali nemalou \u010d\u00e1stku. Vr\u00e1t\u00ed se v\u00e1m to v\u0161ak z hlediska komfortu a n\u011bkolik let si jeho p\u0159\u00edtomnost na va\u0161\u00ed zahrad\u011b v dob\u011b letn\u00edch m\u011bs\u00edc\u016f, nebudete moct vynachv\u00e1lit. Co v\u00e1m neud\u011bl\u00e1 velk\u00fd \u0161krt do va\u0161eho rozpo\u010dtu a sou\u010dasn\u011b p\u0159inese i teplej\u0161\u00ed vodu v kr\u00e1tk\u00e9m \u010dasov\u00e9m rozp\u011bt\u00ed, jsou baz\u00e9nov\u00e9 f\u00f3lie. Vyberte si i vy jednu takovou (ze \u0161k\u00e1ly barevn\u00fdch proveden\u00ed) a uvid\u00edte, \u017ee v\u00e1m p\u0159inese pouze sam\u00e9 v\u00fdhody. Na v\u00fdb\u011br m\u00e1te z b\u00edl\u00e9, modr\u00e9 nebo \u010dern\u00e9 barvy. V posledn\u00ed dob\u011b se s nimi roztrhl pytel a mnoho vlastn\u00edk\u016f baz\u00e9n\u016f toto p\u0159\u00edslu\u0161enstv\u00ed pova\u017euje za geni\u00e1ln\u00ed z hlediska \u00faspory \u010dasu, \u00fa\u010delu, jak\u00fdm je oh\u0159ev vody a hled\u00ed i na praktickou str\u00e1nku, jakou je \u010d\u00e1ste\u010dn\u00e9 zakryt\u00ed baz\u00e9nu.I d\u00edky f\u00f3lii v\u00e1m na hladinu nepadne \u017e\u00e1dn\u00e1 \u0161p\u00edna, kterou byste pozd\u011bji museli lovit s\u00ed\u0165kou na ne\u010distoty.   \u25aaV\u00fdroba na p\u0159\u00e1n\u00ed Aby byli v\u0161ichni majitel\u00e9 baz\u00e9n\u016f spokojeni a tento sortiment byl dostupn\u00fd v\u0161em, m\u016f\u017eete si nechat f\u00f3lii vyrobit na p\u0159\u00e1n\u00ed, aby se dokonale p\u0159izp\u016fsobila velikosti va\u0161eho baz\u00e9nu. V p\u0159\u00edpad\u011b, \u017ee jste si nechali sestavit v\u00e1\u0161 baz\u00e9n na m\u00edru a nem\u00e1te mo\u017enost zakoupit si f\u00f3lii z\u00e1kladn\u00ed velikosti, nev\u00e1hejte se obr\u00e1tit na tuto slu\u017ebu a vyu\u017e\u00edt ji k zlep\u0161en\u00ed va\u0161\u00ed vody, kter\u00e1 bude m\u00edt vy\u0161\u0161\u00ed teplotu. U\u017e po prvn\u00edm pou\u017eit\u00ed sami zjist\u00edte, \u017ee m\u00e1 smysl ji vlastnit a \u017ee jej\u00ed vyu\u017eit\u00ed bude ka\u017edodenn\u00ed.                                                                                                                                                                                                                                                                                                                                                                                          3.9\/5 - (9 votes)        "},{"@context":"https:\/\/schema.org\/","@type":"BreadcrumbList","itemListElement":[{"@type":"ListItem","position":1,"name":"Zakryt\u00ed baz\u00e9nu sol\u00e1rn\u00ed f\u00f3li\u00ed","item":"https:\/\/www.albali.cz\/zakryti-bazenu-solarni-folii\/#breadcrumbitem"}]}]