[{"@context":"https:\/\/schema.org\/","@type":"Article","@id":"https:\/\/www.albali.cz\/skrine-na-miru-ozivi-prostor-v-kazdem-dome\/#Article","mainEntityOfPage":"https:\/\/www.albali.cz\/skrine-na-miru-ozivi-prostor-v-kazdem-dome\/","headline":"Sk\u0159\u00edn\u011b na m\u00edru o\u017eiv\u00ed prostor v ka\u017ed\u00e9m dom\u011b","name":"Sk\u0159\u00edn\u011b na m\u00edru o\u017eiv\u00ed prostor v ka\u017ed\u00e9m dom\u011b","description":"Sk\u0159\u00edn\u011b na m\u00edru St\u011bn sk\u0159\u00edn\u011b se stav\u00ed kv\u016fli zaji\u0161t\u011bn\u00ed \u00falo\u017en\u00e9ho prostoru na [&hellip;]","datePublished":"2020-06-21","dateModified":"2023-06-02","author":{"@type":"Person","@id":"https:\/\/www.albali.cz\/author\/#Person","name":"","url":"https:\/\/www.albali.cz\/author\/","identifier":1,"image":{"@type":"ImageObject","@id":"https:\/\/secure.gravatar.com\/avatar\/95e04d59dbd953edbb4078d954ab72cca879b754151ff5a1a9844caae0615e95?s=96&d=mm&r=g","url":"https:\/\/secure.gravatar.com\/avatar\/95e04d59dbd953edbb4078d954ab72cca879b754151ff5a1a9844caae0615e95?s=96&d=mm&r=g","height":96,"width":96}},"publisher":{"@type":"Organization","name":"albali.cz","logo":{"@type":"ImageObject","@id":"\/logo.png","url":"\/logo.png","width":600,"height":60}},"image":{"@type":"ImageObject","@id":"https:\/\/www.albali.cz\/wp-content\/uploads\/n%C3%A1bytek%20v%20lo%C5%BEnici.jpg","url":"https:\/\/www.albali.cz\/wp-content\/uploads\/n%C3%A1bytek%20v%20lo%C5%BEnici.jpg","height":0,"width":0},"url":"https:\/\/www.albali.cz\/skrine-na-miru-ozivi-prostor-v-kazdem-dome\/","about":["V\u00fdrobky"],"wordCount":412,"articleBody":"   Sk\u0159\u00edn\u011b na m\u00edru St\u011bn sk\u0159\u00edn\u011b se stav\u00ed kv\u016fli zaji\u0161t\u011bn\u00ed \u00falo\u017en\u00e9ho prostoru na jednom m\u00edst\u011b, v\u011bt\u0161inou na chodb\u00e1ch a schodi\u0161t\u00edch a v lo\u017enic\u00edch. Je to nejprakti\u010dt\u011bj\u0161\u00ed \u0159e\u0161en\u00ed, kter\u00e9 m\u016f\u017ee b\u00fdt z\u00e1rove\u0148 vkusn\u00fdm bytov\u00fdm dopl\u0148kem, ozdobou, kter\u00e1 prostor zaj\u00edmav\u011b o\u017eiv\u00ed a vdechne mu osobit\u00fd r\u00e1z.Vlastnosti sk\u0159\u00edn\u00ed s posuvn\u00fdmi dve\u0159miOpticky nezu\u017euj\u00ed prostor \u2013 v mal\u00fdch obytn\u00fdch m\u00edstnostech je ka\u017ed\u00fd \u010dtvere\u010dn\u00ed decimetr cenn\u00fd, ale n\u011bkdy n\u00e1m mohou b\u00fdt n\u00e1pomocn\u00e9 i optick\u00e9 vjemy a z\u00e1kladn\u00ed fyzik\u00e1ln\u00ed z\u00e1kony. Um\u00edst\u00edte-li nap\u0159\u00edklad do lo\u017enice \u0161atn\u00ed sk\u0159\u00ed\u0148, kter\u00e1 nedosahuje a\u017e ke stropu, a jej\u00ed povrch je sp\u00ed\u0161e tmav\u00fd a k tomu v nev\u00fdrazn\u00fdch barevn\u00fdch t\u00f3nech, bude v\u00e1m p\u0159ipadat, jako by v\u00e1s n\u00e1bytek uvnit\u0159 sv\u00edral. V\u00fdhodn\u011bj\u0161\u00ed je volit sk\u0159\u00ed\u0148 pod\u00e9l cel\u00e9 st\u011bny a\u017e ke stropu s dve\u0159mi na pojezdov\u00fdch ly\u017ein\u00e1ch, doplnit ji velkoplo\u0161n\u00fdm zrcadlem a z barev vyb\u00edrat ty nejsv\u011btlej\u0161\u00ed. Rozhodn\u011b nic nezkaz\u00edte matnou \u010dist\u011b b\u00edlou.Atypick\u00e9 v\u00fdklenky \u2013 sk\u0159\u00edn\u011b zhotoven\u00e9 na m\u00edru mohou m\u00edt r\u016fzn\u00fd tvar, kter\u00fdm se vypln\u00ed prostor v\u00fdklenk\u016f, nap\u0159. pod schodi\u0161t\u011bm, u \u0161ikm\u00fdch p\u0159ep\u00e1\u017eek s tup\u00fdm \u00fahlem, ve stropn\u00edch \u00fakosech, na st\u011bn\u00e1ch s r\u00e1musem atp. Hod\u00ed se pr\u00e1v\u011b tam, kde v\u00fdklenek hyzd\u00ed prostor a nebylo by vhodn\u00e9 z estetick\u00e9ho hlediska jej vyplnit jin\u00fdm zp\u016fsobem, nap\u0159. vzrostlou rostlinou, stolkem \u010di k\u0159eslem.Nebojte se barev \u2013 povrchov\u00fd dekor nemus\u00ed v ka\u017ed\u00e9m p\u0159\u00edpad\u011b p\u0159ipom\u00ednat d\u0159evo, naopak l\u00e9pe se s obytnou koncepc\u00ed kombinuj\u00ed pastelov\u00e9 t\u00f3ny barev, a to nejen v d\u011btsk\u00e9m pokoji. I v lo\u017enici si m\u016f\u017eete dovolit vsadit nap\u0159\u00edklad na hr\u00e1\u0161kov\u011b zelenou, fialovou, barvy kombinovat mezi sebou \u010di s neutr\u00e1ln\u00ed b\u00edlou. Nezapom\u00ednejte tak\u00e9 na um\u00edst\u011bn\u00ed m\u00edstnosti vzhledem k sv\u011btov\u00fdm stran\u00e1m \u2013 do lo\u017enice koncipovan\u00e9 s oknem na sever se hod\u00ed sp\u00ed\u0161e tepl\u00e9 barvy (\u010derven\u00e1, \u017elut\u00e1 a oran\u017eov\u00e1) a tam, kam v pr\u016fb\u011bhu dne zasahuje intenzivn\u00ed slunce (hlavn\u011b jih a z\u00e1pad) bude vhodn\u011bj\u0161\u00ed zelen\u00e1 a modr\u00e1.                                                                                                                                                                                                                                                                                                                                                                                           4.7\/5 - (15 votes)        "},{"@context":"https:\/\/schema.org\/","@type":"BreadcrumbList","itemListElement":[{"@type":"ListItem","position":1,"name":"Sk\u0159\u00edn\u011b na m\u00edru o\u017eiv\u00ed prostor v ka\u017ed\u00e9m dom\u011b","item":"https:\/\/www.albali.cz\/skrine-na-miru-ozivi-prostor-v-kazdem-dome\/#breadcrumbitem"}]}]