[{"@context":"https:\/\/schema.org\/","@type":"Article","@id":"https:\/\/www.albali.cz\/proc-je-cechum-smutno\/#Article","mainEntityOfPage":"https:\/\/www.albali.cz\/proc-je-cechum-smutno\/","headline":"Pro\u010d je \u010cech\u016fm smutno?","name":"Pro\u010d je \u010cech\u016fm smutno?","description":"Ekonomick\u00e1 situace v \u010cesk\u00e9 republice jde posledn\u00edch p\u00e1r let p\u011bn\u011b z kopce. [&hellip;]","datePublished":"2024-08-23","dateModified":"2024-08-23","author":{"@type":"Person","@id":"https:\/\/www.albali.cz\/author\/#Person","name":"","url":"https:\/\/www.albali.cz\/author\/","identifier":1,"image":{"@type":"ImageObject","@id":"https:\/\/secure.gravatar.com\/avatar\/95e04d59dbd953edbb4078d954ab72cca879b754151ff5a1a9844caae0615e95?s=96&d=mm&r=g","url":"https:\/\/secure.gravatar.com\/avatar\/95e04d59dbd953edbb4078d954ab72cca879b754151ff5a1a9844caae0615e95?s=96&d=mm&r=g","height":96,"width":96}},"publisher":{"@type":"Organization","name":"albali.cz","logo":{"@type":"ImageObject","@id":"\/logo.png","url":"\/logo.png","width":600,"height":60}},"image":{"@type":"ImageObject","@id":"https:\/\/www.albali.cz\/wp-content\/uploads\/money-2724245_640_10_10_10_10_10_10_10_10_10_5.jpg","url":"https:\/\/www.albali.cz\/wp-content\/uploads\/money-2724245_640_10_10_10_10_10_10_10_10_10_5.jpg","height":0,"width":0},"url":"https:\/\/www.albali.cz\/proc-je-cechum-smutno\/","about":["D\u016fm a zahrada"],"wordCount":402,"articleBody":"   Ekonomick\u00e1 situace v \u010cesk\u00e9 republice jde posledn\u00edch p\u00e1r let p\u011bn\u011b z kopce. Za\u010dalo to pandemi\u00ed covidu, kdy se zastavil \u017eivot, co\u017e znamenalo zastaven\u00ed v\u00fdroby v mnoha odv\u011btv\u00edch, zav\u0159en\u00ed restaura\u010dn\u00edch za\u0159\u00edzen\u00ed a v d\u016fsledku toho mnoho lid\u00ed ztratilo pr\u00e1ci. Spousta podnik\u016f u\u017e se na nohy nepostavila. Mnoho lid\u00ed netrp\u011bliv\u011b vyhl\u00ed\u017eelo sv\u011btlo na konci tunelu, ale to se n\u011bjak vzdaluje. Politici samoz\u0159ejm\u011b slibovali jak bude l\u00edp, ale nic z toho se ned\u011bje. Naopak. \u010cechy su\u017euje nejvy\u0161\u0161\u00ed inflace od dob vzniku samostatn\u00e9ho \u010ceska, a nav\u00edc n\u00e1m re\u00e1ln\u011b hroz\u00ed krach. Kv\u016fli \u010demu?Koup\u011bschopnost \u010desk\u00fdch dom\u00e1cnost\u00ed je na historick\u00e9m minimu. Lid\u00e9 si mus\u00ed velice dob\u0159e vyb\u00edrat co si koup\u00ed, proto\u017ee zat\u00edmco v\u00fdplaty maj\u00ed zhruba stejn\u00e9, zbo\u017e\u00ed a slu\u017eby neust\u00e1le zdra\u017euj\u00ed. Zdra\u017euj\u00ed z\u00e1kladn\u00ed \u017eivotn\u00ed pot\u0159eby, tak\u017ee lidem moc pen\u011bz na spo\u0159en\u00ed nezb\u00fdv\u00e1. A to je obrovsk\u00fd probl\u00e9m, proto\u017ee st\u00e1t pak mus\u00ed vyd\u00e1vat v\u00edc pen\u011bz na soci\u00e1ln\u00edch d\u00e1vk\u00e1ch. A aby na n\u011b m\u011bl, mus\u00ed zase zvedat dan\u011b. V \u010desk\u00fdch dom\u00e1cnostech tak panuje zas ta blb\u00e1 n\u00e1lada Nebankovnihypoteka.cz, kter\u00e1 pramen\u00ed z nejistoty co bude d\u00e1l. V tom v\u0161em zdra\u017eov\u00e1n\u00ed si samoz\u0159ejm\u011b politici nezapomn\u011bli op\u011bt kr\u00e1lovsky p\u0159idat na sv\u00fdch u\u017e tak nep\u0159im\u011b\u0159en\u011b vysok\u00fdch platech.Krach kv\u016fli EU To \u017ee p\u016fvodn\u00ed my\u0161lenka EU u\u017e d\u00e1vno nem\u00e1 se sou\u010dasnou EU nic spole\u010dn\u00e9ho se v\u00ed u\u017e dlouho. Nicm\u00e9n\u011b v\u016fdci EU doslova ze\u0161\u00edleli. Zav\u00e1d\u00ed \u201cemisn\u00ed povolenky\u201d, kter\u00e9 se daj\u00ed bez nads\u00e1zky ozna\u010dit za modern\u00ed odpustky. Zat\u00edmco ty st\u0159edov\u011bk\u00e9 slou\u017eily k tomu aby se lid\u00e9 vykoupili z h\u0159\u00edch\u016f, ty modern\u00ed mus\u00ed lid\u00e9 platit aby v\u016fbec mohli \u017e\u00edt. Povolenky zdra\u017euj\u00ed nejen osobn\u00ed dopravu, ale i v\u00fdrobu \u010dehokoliv a tak\u00e9 bydlen\u00ed. Kv\u016fli tomu zdra\u017euj\u00ed energie, auta, potraviny, l\u00e9ky i st\u0159echa nad hlavou. Jak to bude d\u00e1l? Nikdo nev\u00ed. Nej\u010dern\u011bj\u0161\u00ed progn\u00f3zy odhaduj\u00ed \u017ee za p\u00e1r let budeme za litr benz\u00ednu platit 50 K\u010d, za rohl\u00edk 10 K\u010d a bydlen\u00ed bude jen pro ty nejbohat\u0161\u00ed.                                                                                                                                                                                                                                                                                                                                                                                          4.2\/5 - (9 votes)        "},{"@context":"https:\/\/schema.org\/","@type":"BreadcrumbList","itemListElement":[{"@type":"ListItem","position":1,"name":"Pro\u010d je \u010cech\u016fm smutno?","item":"https:\/\/www.albali.cz\/proc-je-cechum-smutno\/#breadcrumbitem"}]}]