[{"@context":"https:\/\/schema.org\/","@type":"Blog","@id":"https:\/\/www.albali.cz#Blog","headline":"Albali","description":"\nJak\u00fd je rozd\u00edl mezi tradi\u010dn\u00edmi sada\u0159i a \u010dten\u00e1\u0159i na\u0161\u00ed internetov\u00e9 str\u00e1nky? Na\u0161i \u010dten\u00e1\u0159i mohou skl\u00edzet sladk\u00e9 plody na\u0161eho sna\u017een\u00ed klidn\u011b i celoro\u010dn\u011b.","url":"https:\/\/www.albali.cz","hasPart":[{"@type":"Article","@id":"https:\/\/www.albali.cz\/letajici-joga\/","headline":"L\u00e9taj\u00edc\u00ed j\u00f3ga","url":"https:\/\/www.albali.cz\/letajici-joga\/","datePublished":"2019-12-02","dateModified":"2023-06-02","mainEntityOfPage":"https:\/\/www.albali.cz\/letajici-joga\/","author":{"@type":"Person","@id":"https:\/\/www.albali.cz\/author\/#Person","name":"","url":"https:\/\/www.albali.cz\/author\/","identifier":1,"image":{"@type":"ImageObject","@id":"https:\/\/secure.gravatar.com\/avatar\/95e04d59dbd953edbb4078d954ab72cca879b754151ff5a1a9844caae0615e95?s=96&d=mm&r=g","url":"https:\/\/secure.gravatar.com\/avatar\/95e04d59dbd953edbb4078d954ab72cca879b754151ff5a1a9844caae0615e95?s=96&d=mm&r=g","height":96,"width":96}},"publisher":{"@type":"Organization","name":"albali.cz","logo":{"@type":"ImageObject","@id":"\/logo.png","url":"\/logo.png","width":600,"height":60}},"image":{"@type":"ImageObject","@id":"https:\/\/www.albali.cz\/wp-content\/uploads\/img_a362769_w3330_t1575754742.jpg","url":"https:\/\/www.albali.cz\/wp-content\/uploads\/img_a362769_w3330_t1575754742.jpg","height":0,"width":0},"wordCount":4461,"keywords":null},{"@type":"Article","@id":"https:\/\/www.albali.cz\/prace-na-zahrade\/","headline":"Pr\u00e1ce na zahrad\u011b","url":"https:\/\/www.albali.cz\/prace-na-zahrade\/","datePublished":"2019-11-18","dateModified":"2023-06-02","mainEntityOfPage":"https:\/\/www.albali.cz\/prace-na-zahrade\/","author":{"@type":"Person","@id":"https:\/\/www.albali.cz\/author\/#Person","name":"","url":"https:\/\/www.albali.cz\/author\/","identifier":1,"image":{"@type":"ImageObject","@id":"https:\/\/secure.gravatar.com\/avatar\/95e04d59dbd953edbb4078d954ab72cca879b754151ff5a1a9844caae0615e95?s=96&d=mm&r=g","url":"https:\/\/secure.gravatar.com\/avatar\/95e04d59dbd953edbb4078d954ab72cca879b754151ff5a1a9844caae0615e95?s=96&d=mm&r=g","height":96,"width":96}},"publisher":{"@type":"Organization","name":"albali.cz","logo":{"@type":"ImageObject","@id":"\/logo.png","url":"\/logo.png","width":600,"height":60}},"image":{"@type":"ImageObject","@id":"https:\/\/www.albali.cz\/wp-content\/uploads\/img_a359332_w3330_t1573328256.jpg","url":"https:\/\/www.albali.cz\/wp-content\/uploads\/img_a359332_w3330_t1573328256.jpg","height":0,"width":0},"wordCount":5041,"keywords":null},{"@type":"Article","@id":"https:\/\/www.albali.cz\/o-sve-pujcce-nemusite-prakticky-ani-vedet\/","headline":"O sv\u00e9 p\u016fj\u010dce nemus\u00edte prakticky ani v\u011bd\u011bt","url":"https:\/\/www.albali.cz\/o-sve-pujcce-nemusite-prakticky-ani-vedet\/","datePublished":"2019-11-17","dateModified":"2023-06-02","mainEntityOfPage":"https:\/\/www.albali.cz\/o-sve-pujcce-nemusite-prakticky-ani-vedet\/","author":{"@type":"Person","@id":"https:\/\/www.albali.cz\/author\/#Person","name":"","url":"https:\/\/www.albali.cz\/author\/","identifier":1,"image":{"@type":"ImageObject","@id":"https:\/\/secure.gravatar.com\/avatar\/95e04d59dbd953edbb4078d954ab72cca879b754151ff5a1a9844caae0615e95?s=96&d=mm&r=g","url":"https:\/\/secure.gravatar.com\/avatar\/95e04d59dbd953edbb4078d954ab72cca879b754151ff5a1a9844caae0615e95?s=96&d=mm&r=g","height":96,"width":96}},"publisher":{"@type":"Organization","name":"albali.cz","logo":{"@type":"ImageObject","@id":"\/logo.png","url":"\/logo.png","width":600,"height":60}},"image":{"@type":"ImageObject","@id":"https:\/\/www.albali.cz\/wp-content\/uploads\/img_a370509_w2606_t1582117904.png","url":"https:\/\/www.albali.cz\/wp-content\/uploads\/img_a370509_w2606_t1582117904.png","height":0,"width":0},"wordCount":522,"keywords":null},{"@type":"Article","@id":"https:\/\/www.albali.cz\/zazrak-jmenem-med\/","headline":"Z\u00e1zrak jm\u00e9nem MED","url":"https:\/\/www.albali.cz\/zazrak-jmenem-med\/","datePublished":"2019-11-12","dateModified":"2023-06-02","mainEntityOfPage":"https:\/\/www.albali.cz\/zazrak-jmenem-med\/","author":{"@type":"Person","@id":"https:\/\/www.albali.cz\/author\/#Person","name":"","url":"https:\/\/www.albali.cz\/author\/","identifier":1,"image":{"@type":"ImageObject","@id":"https:\/\/secure.gravatar.com\/avatar\/95e04d59dbd953edbb4078d954ab72cca879b754151ff5a1a9844caae0615e95?s=96&d=mm&r=g","url":"https:\/\/secure.gravatar.com\/avatar\/95e04d59dbd953edbb4078d954ab72cca879b754151ff5a1a9844caae0615e95?s=96&d=mm&r=g","height":96,"width":96}},"publisher":{"@type":"Organization","name":"albali.cz","logo":{"@type":"ImageObject","@id":"\/logo.png","url":"\/logo.png","width":600,"height":60}},"image":{"@type":"ImageObject","@id":"https:\/\/www.albali.cz\/wp-content\/uploads\/img_a359302_w3330_t1573323369.jpg","url":"https:\/\/www.albali.cz\/wp-content\/uploads\/img_a359302_w3330_t1573323369.jpg","height":0,"width":0},"wordCount":533,"keywords":null},{"@type":"Article","@id":"https:\/\/www.albali.cz\/nejlepsi-fotbalovy-stoperi\/","headline":"Nejlep\u0161\u00ed fotbalov\u00fd stope\u0159i","url":"https:\/\/www.albali.cz\/nejlepsi-fotbalovy-stoperi\/","datePublished":"2019-11-02","dateModified":"2023-06-02","mainEntityOfPage":"https:\/\/www.albali.cz\/nejlepsi-fotbalovy-stoperi\/","author":{"@type":"Person","@id":"https:\/\/www.albali.cz\/author\/#Person","name":"","url":"https:\/\/www.albali.cz\/author\/","identifier":1,"image":{"@type":"ImageObject","@id":"https:\/\/secure.gravatar.com\/avatar\/95e04d59dbd953edbb4078d954ab72cca879b754151ff5a1a9844caae0615e95?s=96&d=mm&r=g","url":"https:\/\/secure.gravatar.com\/avatar\/95e04d59dbd953edbb4078d954ab72cca879b754151ff5a1a9844caae0615e95?s=96&d=mm&r=g","height":96,"width":96}},"publisher":{"@type":"Organization","name":"albali.cz","logo":{"@type":"ImageObject","@id":"\/logo.png","url":"\/logo.png","width":600,"height":60}},"image":{"@type":"ImageObject","@id":"https:\/\/www.albali.cz\/wp-content\/uploads\/img_a359396_w3330_t1573376236.jpg","url":"https:\/\/www.albali.cz\/wp-content\/uploads\/img_a359396_w3330_t1573376236.jpg","height":0,"width":0},"wordCount":610,"keywords":null},{"@type":"Article","@id":"https:\/\/www.albali.cz\/deti-a-platebni-karty-kdy-zalozit-diteti-ucet-a-proc\/","headline":"D\u011bti a platebn\u00ed karty \u2013 kdy zalo\u017eit d\u00edt\u011bti \u00fa\u010det a pro\u010d","url":"https:\/\/www.albali.cz\/deti-a-platebni-karty-kdy-zalozit-diteti-ucet-a-proc\/","datePublished":"2019-10-13","dateModified":"2023-06-02","mainEntityOfPage":"https:\/\/www.albali.cz\/deti-a-platebni-karty-kdy-zalozit-diteti-ucet-a-proc\/","author":{"@type":"Person","@id":"https:\/\/www.albali.cz\/author\/#Person","name":"","url":"https:\/\/www.albali.cz\/author\/","identifier":1,"image":{"@type":"ImageObject","@id":"https:\/\/secure.gravatar.com\/avatar\/95e04d59dbd953edbb4078d954ab72cca879b754151ff5a1a9844caae0615e95?s=96&d=mm&r=g","url":"https:\/\/secure.gravatar.com\/avatar\/95e04d59dbd953edbb4078d954ab72cca879b754151ff5a1a9844caae0615e95?s=96&d=mm&r=g","height":96,"width":96}},"publisher":{"@type":"Organization","name":"albali.cz","logo":{"@type":"ImageObject","@id":"\/logo.png","url":"\/logo.png","width":600,"height":60}},"image":{"@type":"ImageObject","@id":"https:\/\/www.albali.cz\/wp-content\/uploads\/img_a357433_w3330_t1572085250.jpg","url":"https:\/\/www.albali.cz\/wp-content\/uploads\/img_a357433_w3330_t1572085250.jpg","height":0,"width":0},"wordCount":548,"keywords":null},{"@type":"Article","@id":"https:\/\/www.albali.cz\/proc-kvh-hranoly\/","headline":"Pro\u010d KVH hranoly?","url":"https:\/\/www.albali.cz\/proc-kvh-hranoly\/","datePublished":"2019-10-12","dateModified":"2023-06-02","mainEntityOfPage":"https:\/\/www.albali.cz\/proc-kvh-hranoly\/","author":{"@type":"Person","@id":"https:\/\/www.albali.cz\/author\/#Person","name":"","url":"https:\/\/www.albali.cz\/author\/","identifier":1,"image":{"@type":"ImageObject","@id":"https:\/\/secure.gravatar.com\/avatar\/95e04d59dbd953edbb4078d954ab72cca879b754151ff5a1a9844caae0615e95?s=96&d=mm&r=g","url":"https:\/\/secure.gravatar.com\/avatar\/95e04d59dbd953edbb4078d954ab72cca879b754151ff5a1a9844caae0615e95?s=96&d=mm&r=g","height":96,"width":96}},"publisher":{"@type":"Organization","name":"albali.cz","logo":{"@type":"ImageObject","@id":"\/logo.png","url":"\/logo.png","width":600,"height":60}},"image":{"@type":"ImageObject","@id":"https:\/\/www.albali.cz\/wp-content\/uploads\/img_a370315_w1789_t1582040363.jpg","url":"https:\/\/www.albali.cz\/wp-content\/uploads\/img_a370315_w1789_t1582040363.jpg","height":0,"width":0},"wordCount":501,"keywords":null},{"@type":"Article","@id":"https:\/\/www.albali.cz\/vite-co-jsou-cookies-a-proc-mohou-byt-nebezpecne\/","headline":"V\u00edte, co jsou cookies a pro\u010d mohou b\u00fdt nebezpe\u010dn\u00e9?","url":"https:\/\/www.albali.cz\/vite-co-jsou-cookies-a-proc-mohou-byt-nebezpecne\/","datePublished":"2019-10-11","dateModified":"2023-06-02","mainEntityOfPage":"https:\/\/www.albali.cz\/vite-co-jsou-cookies-a-proc-mohou-byt-nebezpecne\/","author":{"@type":"Person","@id":"https:\/\/www.albali.cz\/author\/#Person","name":"","url":"https:\/\/www.albali.cz\/author\/","identifier":1,"image":{"@type":"ImageObject","@id":"https:\/\/secure.gravatar.com\/avatar\/95e04d59dbd953edbb4078d954ab72cca879b754151ff5a1a9844caae0615e95?s=96&d=mm&r=g","url":"https:\/\/secure.gravatar.com\/avatar\/95e04d59dbd953edbb4078d954ab72cca879b754151ff5a1a9844caae0615e95?s=96&d=mm&r=g","height":96,"width":96}},"publisher":{"@type":"Organization","name":"albali.cz","logo":{"@type":"ImageObject","@id":"\/logo.png","url":"\/logo.png","width":600,"height":60}},"image":{"@type":"ImageObject","@id":"https:\/\/www.albali.cz\/wp-content\/uploads\/img_a356203_w3330_t1570896678.jpg","url":"https:\/\/www.albali.cz\/wp-content\/uploads\/img_a356203_w3330_t1570896678.jpg","height":0,"width":0},"wordCount":499,"keywords":null},{"@type":"Article","@id":"https:\/\/www.albali.cz\/jak-prospet-navstevnosti-stranky\/","headline":"Jak prosp\u011bt n\u00e1v\u0161t\u011bvnosti str\u00e1nky","url":"https:\/\/www.albali.cz\/jak-prospet-navstevnosti-stranky\/","datePublished":"2019-09-24","dateModified":"2023-06-02","mainEntityOfPage":"https:\/\/www.albali.cz\/jak-prospet-navstevnosti-stranky\/","author":{"@type":"Person","@id":"https:\/\/www.albali.cz\/author\/#Person","name":"","url":"https:\/\/www.albali.cz\/author\/","identifier":1,"image":{"@type":"ImageObject","@id":"https:\/\/secure.gravatar.com\/avatar\/95e04d59dbd953edbb4078d954ab72cca879b754151ff5a1a9844caae0615e95?s=96&d=mm&r=g","url":"https:\/\/secure.gravatar.com\/avatar\/95e04d59dbd953edbb4078d954ab72cca879b754151ff5a1a9844caae0615e95?s=96&d=mm&r=g","height":96,"width":96}},"publisher":{"@type":"Organization","name":"albali.cz","logo":{"@type":"ImageObject","@id":"\/logo.png","url":"\/logo.png","width":600,"height":60}},"image":{"@type":"ImageObject","@id":"https:\/\/www.albali.cz\/wp-content\/uploads\/img_a369529_w1774_t1581612267.jpg","url":"https:\/\/www.albali.cz\/wp-content\/uploads\/img_a369529_w1774_t1581612267.jpg","height":0,"width":0},"wordCount":554,"keywords":null},{"@type":"Article","@id":"https:\/\/www.albali.cz\/zakryti-bazenu-solarni-folii\/","headline":"Zakryt\u00ed baz\u00e9nu sol\u00e1rn\u00ed f\u00f3li\u00ed","url":"https:\/\/www.albali.cz\/zakryti-bazenu-solarni-folii\/","datePublished":"2019-09-18","dateModified":"2023-06-02","mainEntityOfPage":"https:\/\/www.albali.cz\/zakryti-bazenu-solarni-folii\/","author":{"@type":"Person","@id":"https:\/\/www.albali.cz\/author\/#Person","name":"","url":"https:\/\/www.albali.cz\/author\/","identifier":1,"image":{"@type":"ImageObject","@id":"https:\/\/secure.gravatar.com\/avatar\/95e04d59dbd953edbb4078d954ab72cca879b754151ff5a1a9844caae0615e95?s=96&d=mm&r=g","url":"https:\/\/secure.gravatar.com\/avatar\/95e04d59dbd953edbb4078d954ab72cca879b754151ff5a1a9844caae0615e95?s=96&d=mm&r=g","height":96,"width":96}},"publisher":{"@type":"Organization","name":"albali.cz","logo":{"@type":"ImageObject","@id":"\/logo.png","url":"\/logo.png","width":600,"height":60}},"image":{"@type":"ImageObject","@id":"https:\/\/www.albali.cz\/wp-content\/uploads\/img_a351779_w1714_t1566287565.jpg","url":"https:\/\/www.albali.cz\/wp-content\/uploads\/img_a351779_w1714_t1566287565.jpg","height":0,"width":0},"wordCount":515,"keywords":null}]},{"@context":"https:\/\/schema.org","@type":"WebSite","@id":"https:\/\/www.albali.cz\/#website","name":"Albali","url":"https:\/\/www.albali.cz","potentialAction":{"@type":"SearchAction","target":"https:\/\/www.albali.cz\/?s={search_term_string}","query-input":"required name=search_term_string"}}]