[{"@context":"https:\/\/schema.org\/","@type":"Article","@id":"https:\/\/www.albali.cz\/individualni-pristup\/#Article","mainEntityOfPage":"https:\/\/www.albali.cz\/individualni-pristup\/","headline":"Individu\u00e1ln\u00ed p\u0159\u00edstup!","name":"Individu\u00e1ln\u00ed p\u0159\u00edstup!","description":"Pokud se rozhodnete nechat si hlavu ozdobit prodlu\u017eovan\u00fdmi vlasy, doporu\u010dujeme d\u00e1t si [&hellip;]","datePublished":"2024-12-07","dateModified":"2024-12-07","author":{"@type":"Person","@id":"https:\/\/www.albali.cz\/author\/#Person","name":"","url":"https:\/\/www.albali.cz\/author\/","identifier":1,"image":{"@type":"ImageObject","@id":"https:\/\/secure.gravatar.com\/avatar\/95e04d59dbd953edbb4078d954ab72cca879b754151ff5a1a9844caae0615e95?s=96&d=mm&r=g","url":"https:\/\/secure.gravatar.com\/avatar\/95e04d59dbd953edbb4078d954ab72cca879b754151ff5a1a9844caae0615e95?s=96&d=mm&r=g","height":96,"width":96}},"publisher":{"@type":"Organization","name":"albali.cz","logo":{"@type":"ImageObject","@id":"\/logo.png","url":"\/logo.png","width":600,"height":60}},"url":"https:\/\/www.albali.cz\/individualni-pristup\/","wordCount":183,"articleBody":"Pokud se rozhodnete nechat si hlavu ozdobit prodlu\u017eovan\u00fdmi vlasy, doporu\u010dujeme d\u00e1t si tu pr\u00e1ci a vyhledat skute\u010dn\u011b prvot\u0159\u00eddn\u00ed kade\u0159nick\u00fd sal\u00f3n! Tam toti\u017e ke ka\u017ed\u00e9mu z\u00e1kazn\u00edkovi p\u0159istupuj\u00ed individu\u00e1ln\u011b, v\u0161e s V\u00e1mi pe\u010dliv\u011b prodiskutuj\u00ed, uk\u00e1\u017e\u00ed V\u00e1m sortiment, ze kter\u00e9ho je mo\u017en\u00e9 si vybrat a n\u00e1sledn\u011b V\u00e1m provedou i z\u00e1krok \u2013 jednodu\u0161e, rychle a kvalitn\u011b! A o to p\u0159ece jde, o kvalitn\u00ed v\u00fdsledek, kter\u00fd V\u00e1s bude zdobit! F\u00e9rov\u00e1 cena Vedle v\u00fd\u0161e zm\u00edn\u011bn\u00fdch superlativ\u016f by V\u00e1m prvot\u0159\u00eddn\u00ed kade\u0159nick\u00fd sal\u00f3n m\u011bl ud\u011blat i f\u00e9rovou cenovou nab\u00eddku! Samoz\u0159ejm\u011b je jasn\u00e9, \u017ee z\u00e1krok jako elongace vlas\u016f nepat\u0159\u00ed k nejlevn\u011bj\u0161\u00edm, ale ani tak by cena nem\u011bla b\u00fdt p\u0159emr\u0161t\u011bn\u00e1 a m\u011bla by odpov\u00eddat kvalit\u011b materi\u00e1l\u016f i kvalit\u011b zpracov\u00e1n\u00ed! Pokud se obrn\u00edte trp\u011blivost\u00ed a podobn\u00fd sal\u00f3n najdete, \u010dek\u00e1 V\u00e1s opravdu prvot\u0159\u00eddn\u00ed v\u00fdsledek!                                                                                                                                                                                                                                                                                                                                                                                        4\/5 - (3 votes)        "},{"@context":"https:\/\/schema.org\/","@type":"BreadcrumbList","itemListElement":[{"@type":"ListItem","position":1,"name":"Individu\u00e1ln\u00ed p\u0159\u00edstup!","item":"https:\/\/www.albali.cz\/individualni-pristup\/#breadcrumbitem"}]}]