[{"@context":"https:\/\/schema.org\/","@type":"Article","@id":"https:\/\/www.albali.cz\/a-co-pohodlie-rodica\/#Article","mainEntityOfPage":"https:\/\/www.albali.cz\/a-co-pohodlie-rodica\/","headline":"A \u010do pohodlie rodi\u010da?","name":"A \u010do pohodlie rodi\u010da?","description":"Tie\u017e sa v\u00e1m zd\u00e1, \u017ee posledn\u00fa dobu sa niekde akosi vytratili ve\u013ek\u00e9 [&hellip;]","datePublished":"2024-12-25","dateModified":"2024-12-25","author":{"@type":"Person","@id":"https:\/\/www.albali.cz\/author\/#Person","name":"","url":"https:\/\/www.albali.cz\/author\/","identifier":1,"image":{"@type":"ImageObject","@id":"https:\/\/secure.gravatar.com\/avatar\/95e04d59dbd953edbb4078d954ab72cca879b754151ff5a1a9844caae0615e95?s=96&d=mm&r=g","url":"https:\/\/secure.gravatar.com\/avatar\/95e04d59dbd953edbb4078d954ab72cca879b754151ff5a1a9844caae0615e95?s=96&d=mm&r=g","height":96,"width":96}},"publisher":{"@type":"Organization","name":"albali.cz","logo":{"@type":"ImageObject","@id":"\/logo.png","url":"\/logo.png","width":600,"height":60}},"url":"https:\/\/www.albali.cz\/a-co-pohodlie-rodica\/","wordCount":250,"articleBody":" Tie\u017e sa v\u00e1m zd\u00e1, \u017ee posledn\u00fa dobu sa niekde akosi vytratili ve\u013ek\u00e9 ko\u010d\u00edky a mami\u010dky si svoje ratolesti rad\u0161ej s baby\u0161atkou privinuli k telu? Je to v\u00fdhodn\u00e9 preto, \u017ee mal\u00e9 die\u0165a je naozaj bl\u00edzko matky a s oh\u013eadom na \u013eud\u00ed v osobnej z\u00f3ny matky napr\u00edklad v autobuse aj komfortnej\u0161ie, ke\u010f\u017ee ko\u010diar u\u017e nezaber\u00e1 cenn\u00e9 miesto v autobuse. Av\u0161ak, \u010do mama po dlhom nosen\u00ed? Ani novorodenec nie je tak\u00fd \u013eahk\u00fd, aby jeho v\u00e1hu \u010dlovek po dlh\u0161om \u010dase nepoc\u00edtil. Obaja by nakoniec boli radi, ke\u010f by si drobec odpo\u010d\u00edval v hlbokej a m\u00e4kko vystlanej vani\u010dke, chr\u00e1nen\u00fd od slnka tienidlom a vozil sa, kdeko\u013evek si mami\u010dka zmysl\u00ed. Vy\u0165a\u017een\u00e1 mama tak m\u00f4\u017ee pravideln\u00fa prech\u00e1dzku spoji\u0165 aj s n\u00e1kupom a nevl\u00e1\u010di\u0165 sa aj s die\u0165a\u0165om, aj s ta\u0161kami. Teraz ich odlo\u017e\u00ed dole, na sie\u0165ku \u010di ko\u0161\u00edk pod vani\u010dkou a len jemn\u00fdm pr\u00edtlakom pohne cel\u00fd ko\u010diarik aj s n\u00e1kupom, aj s b\u00e1bom dopredu. V\u00e4\u010d\u0161ia invest\u00edcia sa rovn\u00e1 v\u00e4\u010d\u0161iemu pohodliu \u0160atka zbli\u017euje mamu s die\u0165a\u0165om, ale na dlh\u00e9 nosenie nebude, akoko\u013evek je kvalitn\u00e1. Poriadny ko\u010diar poskytuje predsa len viac miesta a pohodlie pre die\u0165a, aj mamu, ktor\u00e1 sa jeho tla\u010den\u00edm nemus\u00ed skoro v\u00f4bec nam\u00e1ha\u0165. Aj ke\u010f za vy\u0161\u0161iu cenu.                                                                                                                                                                                                                                                                                                                                                                                        4.7\/5 - (4 votes)        "},{"@context":"https:\/\/schema.org\/","@type":"BreadcrumbList","itemListElement":[{"@type":"ListItem","position":1,"name":"A \u010do pohodlie rodi\u010da?","item":"https:\/\/www.albali.cz\/a-co-pohodlie-rodica\/#breadcrumbitem"}]}]